{"id":1001,"date":"2020-10-12T10:37:52","date_gmt":"2020-10-12T08:37:52","guid":{"rendered":"http:\/\/gruene-holzwickede.de\/?p=1001"},"modified":"2020-10-12T10:37:52","modified_gmt":"2020-10-12T08:37:52","slug":"wechsel-an-der-fraktionsspitze","status":"publish","type":"post","link":"https:\/\/gruene-holzwickede.de\/?p=1001","title":{"rendered":"Wechsel an der Fraktionsspitze"},"content":{"rendered":"\n<p>In einer au\u00dferordentlichen Fraktionssitzung am 02.10.2020, wurde in einer offenen Abstimmung Susanne Werbinsky einstimmig zur neuen Fraktionsvorsitzenden der Gr\u00fcnen in Holzwickede gew\u00e4hlt. <\/p>\n\n\n\n<p>Friedhelm Klemp, der das Amt \u00fcber 25 Jahre innehatte, verzichtete daraufhin auf eine Kandidatur als Stellvertreter. Zu diesem wurde der Gymnasiallehrer Dietmar Appel, ebenfalls einstimmig, gew\u00e4hlt. Des Weiteren wurden Sabine Kwiatkowski zur Gesch\u00e4ftsf\u00fchrerin und Judith Kuck-B\u00f6sing als ihre Stellvertreterin gew\u00e4hlt. <\/p>\n\n\n\n<p>F\u00fcr die kommende Legislaturperiode haben sich bereits acht sachkundige B\u00fcrger*innen bereit erkl\u00e4rt, die Fraktion, mit ihren f\u00fcnf Ratsmitgliedern in den vielen Aussch\u00fcssen und Gremien, bei der Fraktionsarbeit zu unterst\u00fctzen. <\/p>\n\n\n\n<p>Mit Susanne Werbinsky wird erstmals eine Frau als Fraktionsvorsitzende im Rat der Gemeinde Holzwickede vertreten sein. <\/p>\n","protected":false},"excerpt":{"rendered":"<p>In einer au\u00dferordentlichen Fraktionssitzung am 02.10.2020, wurde in einer offenen Abstimmung Susanne Werbinsky einstimmig zur neuen Fraktionsvorsitzenden der Gr\u00fcnen in Holzwickede gew\u00e4hlt. Friedhelm Klemp, der das Amt \u00fcber 25 Jahre [&hellip;]<\/p>\n","protected":false},"author":-1,"featured_media":0,"comment_status":"closed","ping_status":"closed","sticky":false,"template":"","format":"standard","meta":{"footnotes":""},"categories":[12],"tags":[67,66],"class_list":["post-1001","post","type-post","status-publish","format-standard","hentry","category-buergernahe_ratspolitik_in_holzwickede","tag-fraktion","tag-gemeinderat-holzwickede"],"_links":{"self":[{"href":"https:\/\/gruene-holzwickede.de\/index.php?rest_route=\/wp\/v2\/posts\/1001","targetHints":{"allow":["GET"]}}],"collection":[{"href":"https:\/\/gruene-holzwickede.de\/index.php?rest_route=\/wp\/v2\/posts"}],"about":[{"href":"https:\/\/gruene-holzwickede.de\/index.php?rest_route=\/wp\/v2\/types\/post"}],"author":[{"embeddable":true,"href":"https:\/\/gruene-holzwickede.de\/index.php?rest_route=\/wp\/v2\/users\/2"}],"replies":[{"embeddable":true,"href":"https:\/\/gruene-holzwickede.de\/index.php?rest_route=%2Fwp%2Fv2%2Fcomments&post=1001"}],"version-history":[{"count":1,"href":"https:\/\/gruene-holzwickede.de\/index.php?rest_route=\/wp\/v2\/posts\/1001\/revisions"}],"predecessor-version":[{"id":1002,"href":"https:\/\/gruene-holzwickede.de\/index.php?rest_route=\/wp\/v2\/posts\/1001\/revisions\/1002"}],"wp:attachment":[{"href":"https:\/\/gruene-holzwickede.de\/index.php?rest_route=%2Fwp%2Fv2%2Fmedia&parent=1001"}],"wp:term":[{"taxonomy":"category","embeddable":true,"href":"https:\/\/gruene-holzwickede.de\/index.php?rest_route=%2Fwp%2Fv2%2Fcategories&post=1001"},{"taxonomy":"post_tag","embeddable":true,"href":"https:\/\/gruene-holzwickede.de\/index.php?rest_route=%2Fwp%2Fv2%2Ftags&post=1001"}],"curies":[{"name":"wp","href":"https:\/\/api.w.org\/{rel}","templated":true}]}}