{"id":1067,"date":"2021-01-06T13:07:50","date_gmt":"2021-01-06T12:07:50","guid":{"rendered":"http:\/\/gruene-holzwickede.de\/?p=1067"},"modified":"2021-01-06T13:10:17","modified_gmt":"2021-01-06T12:10:17","slug":"zukunfts-befragung","status":"publish","type":"post","link":"https:\/\/gruene-holzwickede.de\/?p=1067","title":{"rendered":"Zukunfts-Befragung"},"content":{"rendered":"\n<div class=\"wp-block-columns is-layout-flex wp-container-core-columns-is-layout-9d6595d7 wp-block-columns-is-layout-flex\">\n<div class=\"wp-block-column is-layout-flow wp-block-column-is-layout-flow\" style=\"flex-basis:100%\">\n<div class=\"wp-block-group\"><div class=\"wp-block-group__inner-container is-layout-flow wp-block-group-is-layout-flow\">\n<div class=\"wp-block-columns is-layout-flex wp-container-core-columns-is-layout-9d6595d7 wp-block-columns-is-layout-flex\">\n<div class=\"wp-block-column is-layout-flow wp-block-column-is-layout-flow\" style=\"flex-basis:100%\"><\/div>\n<\/div>\n<\/div><\/div>\n<\/div>\n<\/div>\n\n\n\n<p><em>Die GR\u00dcNEN in NRW suchen f\u00fcr ihr n\u00e4chstes Wahlprogramm den Rat von B\u00fcrger*innen. Deine Sichtweise ist wichtig! Sag uns, was Dir f\u00fcr die Zukunft in NRW wichtig ist und was Du von der Politik erwartest &#8211; auf\u00a0\u00a0<a href=\"https:\/\/89222.seu1.cleverreach.com\/c\/35197098\/28b9a797681f-qm24go\">gruene-nrw.mitdenken.online<\/a>\u00a0<br>PS: Wenn Du Dich per Mail registrierst, hast Du die Chance einen von 20 Gutscheinen f\u00fcr einen Buchladen vor Ort zu gewinnen.<\/em><\/p>\n\n\n\n<p><strong>Informationen f\u00fcr Dich als Mitglied:<\/strong>\u00a0<br><br><strong>Warum machen die GR\u00dcNEN NRW eine Online-Beratung f\u00fcr B\u00fcrger*innen?<\/strong>\u00a0<br>Die Pandemie und der Lockdown verst\u00e4rken bei vielen den Wunsch, ganz grunds\u00e4tzlich \u00fcber die Zukunft nachzudenken. Wir m\u00f6chten das nutzen und laden interessierte B\u00fcrger*innen ein, uns auf dem Weg zum Landtagswahlprogramm 2022 zu beraten. Wir wollen wissen, was sie von uns erwarten. Und dabei auch die Stimmen h\u00f6ren, die gerade nicht so laut sind &#8211; daf\u00fcr aber nicht weniger wichtig.\u00a0Wegen der Corona-Krise findet das online statt. Daf\u00fcr haben wir extra eine neue Beteiligungsplattform aufgebaut. Hier sammeln wir zun\u00e4chst Ideen und Anregungen, die wir im Anschluss b\u00fcndeln und analysieren. Die Erkenntnisse der Befragung flie\u00dfen in den weiteren Prozess ein und der Landesvorstand wird den Teilnehmenden eine direkte R\u00fcckmeldung geben.\u00a0\u00a0<br><br><strong>Wie kann ich mich als Gr\u00fcnes Mitglied denn beim Landtagswahlprogramm einbringen?<\/strong>\u00a0<br>Du als Mitglied kannst Dich im Programmprozess an verschiedenen Stellen beteiligen! Der Startschuss zum Programmprozess findet bei unserer Landesdelegiertenkonferenz vom 26.-28. Februar statt. Hier legen die Delegierten einen Fahrplan zum Programm fest. Als Mitglied kannst Du z.B. konkrete Projekte mit erarbeiten und den Programmentwurf diskutieren. Das Programm wird Ende 2021 von der Landesdelegiertenkonferenz beschlossen. N\u00e4here Infos erh\u00e4ltst Du demn\u00e4chst \u00fcber den Newsletter, Social Media oder \u00fcber Deinen Kreisverband.\u00a0Bis dahin freuen wir uns, wenn Du uns unterst\u00fctzt, in diesen kontaktarmen Zeiten mit B\u00fcrger*innen in den Dialog zu kommen.<\/p>\n\n\n\n<p><strong>Teil auch gerne unseren Aufruf auf unserem <a href=\"https:\/\/89222.seu1.cleverreach.com\/c\/35197824\/28b9a797681f-qm24go\">Facebook<\/a>&#8211; und <a href=\"https:\/\/89222.seu1.cleverreach.com\/c\/35197825\/28b9a797681f-qm24go\">Instagram<\/a>-Kanal!<\/strong><\/p>\n","protected":false},"excerpt":{"rendered":"<p>Die GR\u00dcNEN in NRW suchen f\u00fcr ihr n\u00e4chstes Wahlprogramm den Rat von B\u00fcrger*innen. Deine Sichtweise ist wichtig! Sag uns, was Dir f\u00fcr die Zukunft in NRW wichtig ist und was [&hellip;]<\/p>\n","protected":false},"author":-1,"featured_media":1068,"comment_status":"closed","ping_status":"closed","sticky":false,"template":"","format":"standard","meta":{"footnotes":""},"categories":[68],"tags":[],"class_list":["post-1067","post","type-post","status-publish","format-standard","has-post-thumbnail","hentry","category-gruene-politik"],"_links":{"self":[{"href":"https:\/\/gruene-holzwickede.de\/index.php?rest_route=\/wp\/v2\/posts\/1067","targetHints":{"allow":["GET"]}}],"collection":[{"href":"https:\/\/gruene-holzwickede.de\/index.php?rest_route=\/wp\/v2\/posts"}],"about":[{"href":"https:\/\/gruene-holzwickede.de\/index.php?rest_route=\/wp\/v2\/types\/post"}],"author":[{"embeddable":true,"href":"https:\/\/gruene-holzwickede.de\/index.php?rest_route=\/wp\/v2\/users\/2"}],"replies":[{"embeddable":true,"href":"https:\/\/gruene-holzwickede.de\/index.php?rest_route=%2Fwp%2Fv2%2Fcomments&post=1067"}],"version-history":[{"count":6,"href":"https:\/\/gruene-holzwickede.de\/index.php?rest_route=\/wp\/v2\/posts\/1067\/revisions"}],"predecessor-version":[{"id":1074,"href":"https:\/\/gruene-holzwickede.de\/index.php?rest_route=\/wp\/v2\/posts\/1067\/revisions\/1074"}],"wp:featuredmedia":[{"embeddable":true,"href":"https:\/\/gruene-holzwickede.de\/index.php?rest_route=\/wp\/v2\/media\/1068"}],"wp:attachment":[{"href":"https:\/\/gruene-holzwickede.de\/index.php?rest_route=%2Fwp%2Fv2%2Fmedia&parent=1067"}],"wp:term":[{"taxonomy":"category","embeddable":true,"href":"https:\/\/gruene-holzwickede.de\/index.php?rest_route=%2Fwp%2Fv2%2Fcategories&post=1067"},{"taxonomy":"post_tag","embeddable":true,"href":"https:\/\/gruene-holzwickede.de\/index.php?rest_route=%2Fwp%2Fv2%2Ftags&post=1067"}],"curies":[{"name":"wp","href":"https:\/\/api.w.org\/{rel}","templated":true}]}}