{"id":1092,"date":"2021-02-12T12:28:58","date_gmt":"2021-02-12T11:28:58","guid":{"rendered":"http:\/\/gruene-holzwickede.de\/?p=1092"},"modified":"2021-02-12T12:30:37","modified_gmt":"2021-02-12T11:30:37","slug":"hilfe-fuer-impfwillige-senioren-terminvereinbarung-und-fahrdienst","status":"publish","type":"post","link":"https:\/\/gruene-holzwickede.de\/?p=1092","title":{"rendered":"Hilfe f\u00fcr impfwillige Senioren: Terminvereinbarung und Fahrdienst"},"content":{"rendered":"\n<figure class=\"wp-block-embed is-type-wp-embed is-provider-emscherblog-nachrichten-fur-holzwickede wp-block-embed-emscherblog-nachrichten-fur-holzwickede\"><div class=\"wp-block-embed__wrapper\">\n<blockquote class=\"wp-embedded-content\" data-secret=\"tOeegrWnvs\"><a href=\"https:\/\/emscherblog.de\/die-gruenen-bieten-hilfe-fuer-impfwillige-senioren-terminvereinbarung-und-fahrdienst\/\">Die Gr\u00fcnen bieten Hilfe f\u00fcr impfwillige Senioren:  Terminvereinbarung und Fahrdienst<\/a><\/blockquote><iframe loading=\"lazy\" class=\"wp-embedded-content\" sandbox=\"allow-scripts\" security=\"restricted\" style=\"position: absolute; visibility: hidden;\" title=\"&#8222;Die Gr\u00fcnen bieten Hilfe f\u00fcr impfwillige Senioren:  Terminvereinbarung und Fahrdienst&#8220; &#8212; Emscherblog - Nachrichten f\u00fcr Holzwickede\" src=\"https:\/\/emscherblog.de\/die-gruenen-bieten-hilfe-fuer-impfwillige-senioren-terminvereinbarung-und-fahrdienst\/embed\/#?secret=i8JGgcSSbn#?secret=tOeegrWnvs\" data-secret=\"tOeegrWnvs\" width=\"600\" height=\"338\" frameborder=\"0\" marginwidth=\"0\" marginheight=\"0\" scrolling=\"no\"><\/iframe>\n<\/div><\/figure>\n","protected":false},"excerpt":{"rendered":"","protected":false},"author":-1,"featured_media":0,"comment_status":"closed","ping_status":"closed","sticky":false,"template":"","format":"standard","meta":{"footnotes":""},"categories":[11],"tags":[40,30,71],"class_list":["post-1092","post","type-post","status-publish","format-standard","hentry","category-aktiv_in_holzwickede","tag-corona","tag-holzwickede","tag-impfung"],"_links":{"self":[{"href":"https:\/\/gruene-holzwickede.de\/index.php?rest_route=\/wp\/v2\/posts\/1092","targetHints":{"allow":["GET"]}}],"collection":[{"href":"https:\/\/gruene-holzwickede.de\/index.php?rest_route=\/wp\/v2\/posts"}],"about":[{"href":"https:\/\/gruene-holzwickede.de\/index.php?rest_route=\/wp\/v2\/types\/post"}],"author":[{"embeddable":true,"href":"https:\/\/gruene-holzwickede.de\/index.php?rest_route=\/wp\/v2\/users\/2"}],"replies":[{"embeddable":true,"href":"https:\/\/gruene-holzwickede.de\/index.php?rest_route=%2Fwp%2Fv2%2Fcomments&post=1092"}],"version-history":[{"count":1,"href":"https:\/\/gruene-holzwickede.de\/index.php?rest_route=\/wp\/v2\/posts\/1092\/revisions"}],"predecessor-version":[{"id":1093,"href":"https:\/\/gruene-holzwickede.de\/index.php?rest_route=\/wp\/v2\/posts\/1092\/revisions\/1093"}],"wp:attachment":[{"href":"https:\/\/gruene-holzwickede.de\/index.php?rest_route=%2Fwp%2Fv2%2Fmedia&parent=1092"}],"wp:term":[{"taxonomy":"category","embeddable":true,"href":"https:\/\/gruene-holzwickede.de\/index.php?rest_route=%2Fwp%2Fv2%2Fcategories&post=1092"},{"taxonomy":"post_tag","embeddable":true,"href":"https:\/\/gruene-holzwickede.de\/index.php?rest_route=%2Fwp%2Fv2%2Ftags&post=1092"}],"curies":[{"name":"wp","href":"https:\/\/api.w.org\/{rel}","templated":true}]}}