{"id":1094,"date":"2021-02-11T12:33:00","date_gmt":"2021-02-11T11:33:00","guid":{"rendered":"http:\/\/gruene-holzwickede.de\/?p=1094"},"modified":"2021-02-12T12:37:04","modified_gmt":"2021-02-12T11:37:04","slug":"antrag-neue-wege-fuer-den-radverkehr-im-kreis-unna","status":"publish","type":"post","link":"https:\/\/gruene-holzwickede.de\/?p=1094","title":{"rendered":"Antrag: Neue Wege f\u00fcr den Radverkehr im Kreis Unna"},"content":{"rendered":"\n<figure class=\"wp-block-embed is-type-wp-embed is-provider-emscherblog-nachrichten-fur-holzwickede wp-block-embed-emscherblog-nachrichten-fur-holzwickede\"><div class=\"wp-block-embed__wrapper\">\n<blockquote class=\"wp-embedded-content\" data-secret=\"nCMPMgqHXP\"><a href=\"https:\/\/emscherblog.de\/antrag-von-gruenen-und-spd-neue-wege-fuer-den-radverkehr-im-kreis-unna\/\">Antrag von Gr\u00fcnen und SPD: Neue Wege f\u00fcr den Radverkehr im Kreis Unna<\/a><\/blockquote><iframe loading=\"lazy\" class=\"wp-embedded-content\" sandbox=\"allow-scripts\" security=\"restricted\" style=\"position: absolute; visibility: hidden;\" title=\"&#8222;Antrag von Gr\u00fcnen und SPD: Neue Wege f\u00fcr den Radverkehr im Kreis Unna&#8220; &#8212; Emscherblog - Nachrichten f\u00fcr Holzwickede\" src=\"https:\/\/emscherblog.de\/antrag-von-gruenen-und-spd-neue-wege-fuer-den-radverkehr-im-kreis-unna\/embed\/#?secret=fkYhLNuAHE#?secret=nCMPMgqHXP\" data-secret=\"nCMPMgqHXP\" width=\"600\" height=\"338\" frameborder=\"0\" marginwidth=\"0\" marginheight=\"0\" scrolling=\"no\"><\/iframe>\n<\/div><\/figure>\n","protected":false},"excerpt":{"rendered":"","protected":false},"author":-1,"featured_media":0,"comment_status":"closed","ping_status":"closed","sticky":false,"template":"","format":"standard","meta":{"footnotes":""},"categories":[11,14,12],"tags":[30,72],"class_list":["post-1094","post","type-post","status-publish","format-standard","hentry","category-aktiv_in_holzwickede","category-antraege","category-buergernahe_ratspolitik_in_holzwickede","tag-holzwickede","tag-radverkehr"],"_links":{"self":[{"href":"https:\/\/gruene-holzwickede.de\/index.php?rest_route=\/wp\/v2\/posts\/1094","targetHints":{"allow":["GET"]}}],"collection":[{"href":"https:\/\/gruene-holzwickede.de\/index.php?rest_route=\/wp\/v2\/posts"}],"about":[{"href":"https:\/\/gruene-holzwickede.de\/index.php?rest_route=\/wp\/v2\/types\/post"}],"author":[{"embeddable":true,"href":"https:\/\/gruene-holzwickede.de\/index.php?rest_route=\/wp\/v2\/users\/2"}],"replies":[{"embeddable":true,"href":"https:\/\/gruene-holzwickede.de\/index.php?rest_route=%2Fwp%2Fv2%2Fcomments&post=1094"}],"version-history":[{"count":1,"href":"https:\/\/gruene-holzwickede.de\/index.php?rest_route=\/wp\/v2\/posts\/1094\/revisions"}],"predecessor-version":[{"id":1095,"href":"https:\/\/gruene-holzwickede.de\/index.php?rest_route=\/wp\/v2\/posts\/1094\/revisions\/1095"}],"wp:attachment":[{"href":"https:\/\/gruene-holzwickede.de\/index.php?rest_route=%2Fwp%2Fv2%2Fmedia&parent=1094"}],"wp:term":[{"taxonomy":"category","embeddable":true,"href":"https:\/\/gruene-holzwickede.de\/index.php?rest_route=%2Fwp%2Fv2%2Fcategories&post=1094"},{"taxonomy":"post_tag","embeddable":true,"href":"https:\/\/gruene-holzwickede.de\/index.php?rest_route=%2Fwp%2Fv2%2Ftags&post=1094"}],"curies":[{"name":"wp","href":"https:\/\/api.w.org\/{rel}","templated":true}]}}