{"id":286,"date":"2019-01-23T22:10:43","date_gmt":"2019-01-23T21:10:43","guid":{"rendered":"http:\/\/gruene-holzwickede.de\/?p=286"},"modified":"2019-01-23T22:39:39","modified_gmt":"2019-01-23T21:39:39","slug":"dokumentation-kanalbaumassnahme-stehfenstrasse","status":"publish","type":"post","link":"https:\/\/gruene-holzwickede.de\/?p=286","title":{"rendered":"Dokumentation Kanalbauma\u00dfnahme Stehfenstra\u00dfe"},"content":{"rendered":"\n<blockquote class=\"wp-block-quote is-layout-flow wp-block-quote-is-layout-flow\"><p>Antrag eingereicht am Sonntag, den 20. Januar 2019 f\u00fcr den n\u00e4chsten PluBA am 5. Februar 2019.<\/p><\/blockquote>\n\n\n\n<p>Sehr geehrte Frau Drossel,&nbsp;<\/p>\n\n\n\n<p>aufgrund der hohen Kostenentwicklung bez\u00fcglich der Kanalbauma\u00dfnahme zur Kanal- und Schachtsanierung in der Stehfenstra\u00dfe aus dem Jahre 2018 und unter Bezugnahme der Niederschrift \u00fcber die Sitzung des Planungs- und Bauausschusses der Gemeinde Holzwickede vom 11. Dezember 2018 (s. Pkt. 14.4 Anfragen) beantragt die Fraktion B\u00fcndnis 90\/Die Gr\u00fcnen:<\/p>\n\n\n\n<p><strong>Beauftragung der Verwaltung eine umfassende und detaillierte Information \u00fcber die Planung, Ausf\u00fchrung und Kostenentwicklung der o.a. Kanalbauma\u00dfnahme inklusive der Fragen der Zust\u00e4ndigkeit und der Verantwortlichkeit zu erstellen.<\/strong><\/p>\n\n\n\n<p>\u00dcber diese Information soll dann in einem kommenden Planungs- und Bauausschuss berichtet werden, damit der Sachstand dem Ausschuss bekannt gegeben wird und die Fraktionen \u00fcber evtl. Ma\u00dfnahmen entscheiden k\u00f6nnen.<\/p>\n\n\n\n<p>Wir erlauben uns, die durch uns gestellten Fragen in einzelnen Themenbl\u00f6cken zu stellen und erhoffen detaillierte Antworten zu:&nbsp;<\/p>\n\n\n\n<p><strong>Block I: Zust\u00e4ndigkeiten<\/strong><\/p>\n\n\n\n<ol class=\"wp-block-list\"><li>Wem geh\u00f6rt der Regenwasserkanal von der Unterf\u00fchrung bis zum Natorper Bach?<\/li><li>Wer hat diesen Kanal gebaut?<\/li><li>Nach R\u00fccksprache mit ehemaligen Ratsmitgliedern der Gemeinde Holzwickede hat es vor vielen Jahren schon einmal eine Kosten\u00fcbernahme durch die DB gegeben.<\/li><li>Hat die Gemeinde den Kanal \u00fcbernommen? Falls ja- zu welchen Konditionen?<\/li><li>Ist der Kanal auf den Privatfl\u00e4chen gesichert?<\/li><li>Ist im Jahre 2018 versucht worden eine Kostenbeteiligung oder \u2013 \u00fcbernahme vom LSBA oder von der DB zu erhalte?<\/li><li>In der hiesigen Presse war zu lesen, dass eventuell Regressanspr\u00fcche zu pr\u00fcfen seien. Was war das Ergebnis? Wer und was wurde gepr\u00fcft?<\/li><\/ol>\n\n\n\n<p><strong>Block II: Planung &nbsp; &nbsp;<\/strong><\/p>\n\n\n\n<ol class=\"wp-block-list\"><li>Wie wurde der Schaden erkannt?<\/li><li>Welche Leistungsphasen wurden gem. HOAI vergeben?<\/li><li>Welche L\u00f6sungsm\u00f6glichkeiten wurden neben der \u201eOffenen Bauweise\u201c untersucht?<\/li><li>Was waren die Probleme?<\/li><li>Wer hatte die Oberbauleitung?<\/li><li>Die nachtr\u00e4glich sanierten 15 m Mischwasserkanal waren im Vorfeld bekannt?<\/li><li>Waren diese 15 m Bestandteil der Ausschreibung des Bauwerkes vom RW-Kanal?<\/li><li>In welchem Zustand ist die weitere Vorflut des MW-Kanals?<\/li><li>In welchem Zustand ist der RW- Kanal bis zum Natorper Bach?<\/li><\/ol>\n\n\n\n<p><strong>Block III: Kosten&nbsp; &nbsp;<\/strong><\/p>\n\n\n\n<ol class=\"wp-block-list\"><li>Haben sich durch die Ver\u00e4nderung der Vorders\u00e4tze bei den einzelnen Positionen die Preise der einzelnen Positionen ver\u00e4ndert?<\/li><li>Wie haben sich die Gesamtkosten f\u00fcr die Ing-Leistung und wie f\u00fcr die Bauma\u00dfnahme entwickelt und wie wurde letztendlich abgerechnet?<\/li><\/ol>\n\n\n\n<p>Die Fraktion von B\u00fcndnis 90\/Die Gr\u00fcnen erhofft sich mit diesem umfassenden Bericht Einsparungspotentiale f\u00fcr diese Ma\u00dfnahmen zu finden oder zumindest bei k\u00fcnftigen \u00e4hnliche gelagerten Ma\u00dfnahmen Rahmenbedingungen f\u00fcr eine m\u00f6glichst gesichertes, kosteng\u00fcnstiges Vorgehen zu erstellen.<\/p>\n\n\n\n<p>Wir bitten um Weiterleitung an den zust\u00e4ndigen Ausschuss.<br><\/p>\n","protected":false},"excerpt":{"rendered":"<p>Antrag eingereicht am Sonntag, den 20. Januar 2019 f\u00fcr den n\u00e4chsten PluBA am 5. Februar 2019. Sehr geehrte Frau Drossel,&nbsp; aufgrund der hohen Kostenentwicklung bez\u00fcglich der Kanalbauma\u00dfnahme zur Kanal- und [&hellip;]<\/p>\n","protected":false},"author":-1,"featured_media":275,"comment_status":"closed","ping_status":"closed","sticky":false,"template":"","format":"standard","meta":{"footnotes":""},"categories":[14],"tags":[],"class_list":["post-286","post","type-post","status-publish","format-standard","has-post-thumbnail","hentry","category-antraege"],"_links":{"self":[{"href":"https:\/\/gruene-holzwickede.de\/index.php?rest_route=\/wp\/v2\/posts\/286","targetHints":{"allow":["GET"]}}],"collection":[{"href":"https:\/\/gruene-holzwickede.de\/index.php?rest_route=\/wp\/v2\/posts"}],"about":[{"href":"https:\/\/gruene-holzwickede.de\/index.php?rest_route=\/wp\/v2\/types\/post"}],"author":[{"embeddable":true,"href":"https:\/\/gruene-holzwickede.de\/index.php?rest_route=\/wp\/v2\/users\/1"}],"replies":[{"embeddable":true,"href":"https:\/\/gruene-holzwickede.de\/index.php?rest_route=%2Fwp%2Fv2%2Fcomments&post=286"}],"version-history":[{"count":4,"href":"https:\/\/gruene-holzwickede.de\/index.php?rest_route=\/wp\/v2\/posts\/286\/revisions"}],"predecessor-version":[{"id":308,"href":"https:\/\/gruene-holzwickede.de\/index.php?rest_route=\/wp\/v2\/posts\/286\/revisions\/308"}],"wp:featuredmedia":[{"embeddable":true,"href":"https:\/\/gruene-holzwickede.de\/index.php?rest_route=\/wp\/v2\/media\/275"}],"wp:attachment":[{"href":"https:\/\/gruene-holzwickede.de\/index.php?rest_route=%2Fwp%2Fv2%2Fmedia&parent=286"}],"wp:term":[{"taxonomy":"category","embeddable":true,"href":"https:\/\/gruene-holzwickede.de\/index.php?rest_route=%2Fwp%2Fv2%2Fcategories&post=286"},{"taxonomy":"post_tag","embeddable":true,"href":"https:\/\/gruene-holzwickede.de\/index.php?rest_route=%2Fwp%2Fv2%2Ftags&post=286"}],"curies":[{"name":"wp","href":"https:\/\/api.w.org\/{rel}","templated":true}]}}