{"id":712,"date":"2020-06-15T08:43:06","date_gmt":"2020-06-15T06:43:06","guid":{"rendered":"http:\/\/gruene-holzwickede.de\/?p=712"},"modified":"2020-06-15T08:43:06","modified_gmt":"2020-06-15T06:43:06","slug":"susanne-werbinsky-und-hans-ulrich-bangert-fuer-die-liste-der-kreisvertreter-gewaehlt","status":"publish","type":"post","link":"https:\/\/gruene-holzwickede.de\/?p=712","title":{"rendered":"Susanne Werbinsky und Hans-Ulrich Bangert f\u00fcr die Liste der Kreisvertreter gew\u00e4hlt"},"content":{"rendered":"\n<p>Am Samstag (06.06.) w\u00e4hlte der Kreisverband der Gr\u00fcnen Unna sein Team f\u00fcr die Kommunalwahl im September. Auf der Tagesordnung stand die Wahl der Reserveliste sowie der Kandidaten*innen f\u00fcr die Wahlkreise im Kreis Unna. <\/p>\n\n\n\n<p>Die\nKreismitgliederversammlung fand diesmal in ganz besonderem Ambiente statt: Der\nZirkus Travados im Kurpark Unna-K\u00f6nigsborn bot den angemessenen Rahmen f\u00fcr\ngr\u00fcne Debatten unter Einhaltung der aktuell geltenden Hygienevorschriften. In\nder Manege bewarben sich die gr\u00fcnen Kandidat*innen im mit 89 Parteimitgliedern\nrundum besetzten Zirkuszelt um die einzelnen Positionen. <\/p>\n\n\n\n<p>Auf Platz 08 w\u00e4hlte die Versammlung Hans-Ulrich Bangert auf die\nListe. Als Ratsmitglied und Vorsitzender im Umweltausschuss der Gemeinde\nHolzwickede, aktives MItglied des Kreistages in Unna und als Gr\u00fcndungsmitglied\nder Holzwickeder Gr\u00fcnen aktiv.&nbsp; <\/p>\n\n\n\n<p>Auf den 21. Platz wurde Susanne Werbinsky\ngew\u00e4hlt. Sie ist zurzeit als Ratsmitglied in Holzwickede aktiv und wird dort im\nSeptember als B\u00fcrgermeisterkandidatin antreten. <\/p>\n","protected":false},"excerpt":{"rendered":"<p>Am Samstag (06.06.) w\u00e4hlte der Kreisverband der Gr\u00fcnen Unna sein Team f\u00fcr die Kommunalwahl im September. Auf der Tagesordnung stand die Wahl der Reserveliste sowie der Kandidaten*innen f\u00fcr die Wahlkreise [&hellip;]<\/p>\n","protected":false},"author":-1,"featured_media":716,"comment_status":"closed","ping_status":"closed","sticky":false,"template":"","format":"standard","meta":{"footnotes":""},"categories":[12],"tags":[30,34,47],"class_list":["post-712","post","type-post","status-publish","format-standard","has-post-thumbnail","hentry","category-buergernahe_ratspolitik_in_holzwickede","tag-holzwickede","tag-susanne-werbinsky","tag-wahlen-2020"],"_links":{"self":[{"href":"https:\/\/gruene-holzwickede.de\/index.php?rest_route=\/wp\/v2\/posts\/712","targetHints":{"allow":["GET"]}}],"collection":[{"href":"https:\/\/gruene-holzwickede.de\/index.php?rest_route=\/wp\/v2\/posts"}],"about":[{"href":"https:\/\/gruene-holzwickede.de\/index.php?rest_route=\/wp\/v2\/types\/post"}],"author":[{"embeddable":true,"href":"https:\/\/gruene-holzwickede.de\/index.php?rest_route=\/wp\/v2\/users\/2"}],"replies":[{"embeddable":true,"href":"https:\/\/gruene-holzwickede.de\/index.php?rest_route=%2Fwp%2Fv2%2Fcomments&post=712"}],"version-history":[{"count":1,"href":"https:\/\/gruene-holzwickede.de\/index.php?rest_route=\/wp\/v2\/posts\/712\/revisions"}],"predecessor-version":[{"id":713,"href":"https:\/\/gruene-holzwickede.de\/index.php?rest_route=\/wp\/v2\/posts\/712\/revisions\/713"}],"wp:featuredmedia":[{"embeddable":true,"href":"https:\/\/gruene-holzwickede.de\/index.php?rest_route=\/wp\/v2\/media\/716"}],"wp:attachment":[{"href":"https:\/\/gruene-holzwickede.de\/index.php?rest_route=%2Fwp%2Fv2%2Fmedia&parent=712"}],"wp:term":[{"taxonomy":"category","embeddable":true,"href":"https:\/\/gruene-holzwickede.de\/index.php?rest_route=%2Fwp%2Fv2%2Fcategories&post=712"},{"taxonomy":"post_tag","embeddable":true,"href":"https:\/\/gruene-holzwickede.de\/index.php?rest_route=%2Fwp%2Fv2%2Ftags&post=712"}],"curies":[{"name":"wp","href":"https:\/\/api.w.org\/{rel}","templated":true}]}}