{"id":992,"date":"2020-09-11T13:22:00","date_gmt":"2020-09-11T11:22:00","guid":{"rendered":"http:\/\/gruene-holzwickede.de\/?p=992"},"modified":"2020-09-12T13:24:34","modified_gmt":"2020-09-12T11:24:34","slug":"wahlaufruf-am-13-september-gruen-waehlen","status":"publish","type":"post","link":"https:\/\/gruene-holzwickede.de\/?p=992","title":{"rendered":"Wahlaufruf: Am 13. September GR\u00dcN w\u00e4hlen!"},"content":{"rendered":"\n<p>Liebe\nW\u00e4hlerinnen und W\u00e4hler,<\/p>\n\n\n\n<p>am 13.\nSeptember ist Kommunalwahl. Wir alle gemeinsam w\u00e4hlen diejenigen, die unsere\nSt\u00e4dte, Gemeinden und Kreise in den n\u00e4chsten f\u00fcnf Jahre gestalten werden.\nUnsere wichtigste Bitte zuerst: <strong>Machen Sie von diesem Recht gebrauch!<\/strong> <\/p>\n\n\n\n<p>Was Sie\ndadurch bewirken k\u00f6nnen? Eine Menge. In unserer Gemeinde und im Kreis Unna\nwerden t\u00e4glich viele kleine und gro\u00dfe Entscheidungen getroffen \u2013 ob und wie\nschnell der neue Radweg kommt, wie viel bezahlbarer Wohnraum entsteht oder\nwelche Unterst\u00fctzung Schulen in Corona-Zeiten erhalten. Kommunalpolitik kann\ndaf\u00fcr sorgen, dass<strong> unser Leben und die Welt jeden Tag ein bisschen besser\nwerden<\/strong>.<\/p>\n\n\n\n<p>Wir GR\u00dcNE\nsuchen schon lange Antworten auf die Frage, wie wir auch morgen noch gut\nzusammenleben k\u00f6nnen. Mit der \u00dcberzeugung: Wer jetzt Entscheidungen trifft,\nmuss <strong>heute schon an morgen denken<\/strong>.<\/p>\n\n\n\n<p>Mit ihren\nStimmen f\u00fcr unsere Gr\u00fcne Kandidatin Susanne Werbinsky sorgen Sie daf\u00fcr, dass\nIhr Ort in den n\u00e4chsten 5 Jahren <strong>Schritt f\u00fcr Schritt in Richtung Zukunft<\/strong>\ngeht:<\/p>\n\n\n\n<ul class=\"wp-block-list\"><li>Wir machen <strong>Klimaschutz<\/strong>  zur Chef*innensache.<\/li><li>Sie kommen <strong>einfacher von A nach B<\/strong> \u2013 auch ohne eigenes Auto<\/li><li>Wir schaffen <strong>mehr Platz<\/strong>  f\u00fcr Fu\u00dfg\u00e4nger*innen, Radfahrer*innen und spielende Kinder<strong>.<\/strong><\/li><li><strong>Mehr B\u00e4ume und Gr\u00fcnfl\u00e4chen<\/strong> steigern die Lebensqualit\u00e4t  und sch\u00fctzen vor Hitze.<\/li><li>Wir sorgen f\u00fcr mehr <strong>g\u00fcnstigen und energiesparenden Wohnraum<\/strong><\/li><li>Wir nehmen ernst, wem die      Zukunft geh\u00f6rt \u2013<strong> Kinder und Jugendliche.<\/strong> Wir verschaffen ihnen      Geh\u00f6r und sorgen f\u00fcr bestm\u00f6gliche Bildung von Anfang an.<\/li><li>Gerade in Krisenzeiten bauen wir Gr\u00fcne auf Solidarit\u00e4t und stellen uns entschieden <strong>gegen Hass und Ausgrenzung<\/strong>. F\u00fcr eine vielf\u00e4ltige und bunte Gesellschaft!<\/li><\/ul>\n\n\n\n<p>Die\nkommenden f\u00fcnf Jahre werden von rasanten Ver\u00e4nderungen gepr\u00e4gt sein \u2013\nCorona-Krise, Digitalisierung, Klimawandel. Mit einer Stimme f\u00fcr GR\u00dcN w\u00e4hlen\nSie eine Kraft, die diese Herausforderungen mutig anpackt und sagt: <strong>Es geht\nauch anders. Wir schaffen das gemeinsam. Schritt f\u00fcr Schritt.<\/strong><\/p>\n\n\n\n<p><strong>Heute das\nMorgen gestalten. Gemeinsam. Deshalb bitten wir Sie: am 13.09. GR\u00dcN w\u00e4hlen.<\/strong><\/p>\n","protected":false},"excerpt":{"rendered":"<p>Liebe W\u00e4hlerinnen und W\u00e4hler, am 13. September ist Kommunalwahl. Wir alle gemeinsam w\u00e4hlen diejenigen, die unsere St\u00e4dte, Gemeinden und Kreise in den n\u00e4chsten f\u00fcnf Jahre gestalten werden. Unsere wichtigste Bitte [&hellip;]<\/p>\n","protected":false},"author":-1,"featured_media":961,"comment_status":"closed","ping_status":"closed","sticky":false,"template":"","format":"standard","meta":{"footnotes":""},"categories":[53,1],"tags":[51,34],"class_list":["post-992","post","type-post","status-publish","format-standard","has-post-thumbnail","hentry","category-kommunalwahl-2020","category-uncategorized","tag-kommunalwahlen-holzwickede","tag-susanne-werbinsky"],"_links":{"self":[{"href":"https:\/\/gruene-holzwickede.de\/index.php?rest_route=\/wp\/v2\/posts\/992","targetHints":{"allow":["GET"]}}],"collection":[{"href":"https:\/\/gruene-holzwickede.de\/index.php?rest_route=\/wp\/v2\/posts"}],"about":[{"href":"https:\/\/gruene-holzwickede.de\/index.php?rest_route=\/wp\/v2\/types\/post"}],"author":[{"embeddable":true,"href":"https:\/\/gruene-holzwickede.de\/index.php?rest_route=\/wp\/v2\/users\/2"}],"replies":[{"embeddable":true,"href":"https:\/\/gruene-holzwickede.de\/index.php?rest_route=%2Fwp%2Fv2%2Fcomments&post=992"}],"version-history":[{"count":1,"href":"https:\/\/gruene-holzwickede.de\/index.php?rest_route=\/wp\/v2\/posts\/992\/revisions"}],"predecessor-version":[{"id":993,"href":"https:\/\/gruene-holzwickede.de\/index.php?rest_route=\/wp\/v2\/posts\/992\/revisions\/993"}],"wp:featuredmedia":[{"embeddable":true,"href":"https:\/\/gruene-holzwickede.de\/index.php?rest_route=\/wp\/v2\/media\/961"}],"wp:attachment":[{"href":"https:\/\/gruene-holzwickede.de\/index.php?rest_route=%2Fwp%2Fv2%2Fmedia&parent=992"}],"wp:term":[{"taxonomy":"category","embeddable":true,"href":"https:\/\/gruene-holzwickede.de\/index.php?rest_route=%2Fwp%2Fv2%2Fcategories&post=992"},{"taxonomy":"post_tag","embeddable":true,"href":"https:\/\/gruene-holzwickede.de\/index.php?rest_route=%2Fwp%2Fv2%2Ftags&post=992"}],"curies":[{"name":"wp","href":"https:\/\/api.w.org\/{rel}","templated":true}]}}